{"id":8714,"date":"2019-10-12T12:19:39","date_gmt":"2019-10-12T15:19:39","guid":{"rendered":"http:\/\/magdabeatriz.com.br\/site\/?p=8714"},"modified":"2019-10-12T12:28:07","modified_gmt":"2019-10-12T15:28:07","slug":"filosofo-luso-brasileiro-fabiano-de-abreu-da-dicas-de-como-combater-a-solidao","status":"publish","type":"post","link":"https:\/\/magdabeatriz.com.br\/site\/filosofo-luso-brasileiro-fabiano-de-abreu-da-dicas-de-como-combater-a-solidao\/","title":{"rendered":"Filosofo luso-brasileiro Fabiano de Abreu d\u00e1 dicas de como combater a solid\u00e3o."},"content":{"rendered":"<p>Os mais recentes estudos na \u00e1rea da antropologia apontam que apesar das redes sociais e todas as possibilidades com a globaliza\u00e7\u00e3o de estar em maior contato com as pessoas, nunca estivemos t\u00e3o sozinhos.<br \/>\nEspecialistas apontam que uma das poss\u00edveis v\u00e1rias raz\u00f5es para isso \u00e9 o medo latente do desconhecido que \u00e9 inescap\u00e1vel \u00e0s pessoas que vivem em grandes cidades. Logo, quanto mais violento \u00e9 o centro urbano em que essas pessoas vivem, mais distante costuma ser o tratamento com as pessoas estranhas ao seu ciclo, onde a a impessoalidade faz deste um lugar em que se vive, apenas. Por isso, a solid\u00e3o j\u00e1 \u00e9 considerada um dos grandes males do s\u00e9culo 21 e especialmente das grandes cidades.<br \/>\nO fil\u00f3sofo e escritor luso-brasileiro Fabiano de Abreu, \u00a0aprovado como membro da Mensa, um clube de g\u00eanios mundiais e tem o QI maior que do Steve Jobs, Bill Gates e Einstein, considerado o homem mais inteligente do mundo, concorda com os mais recentes estudos e acredita que sim, \u00e9 poss\u00edvel combater a solid\u00e3o atrav\u00e9s da ado\u00e7\u00e3o de algumas medidas.<\/p>\n<p>1 \u2013 Frequentar lugares p\u00fablicos<\/p>\n<p><em>Este \u00e9 um m\u00e9todo \u00f3bvio. Isolar-se e permanecer s\u00f3 n\u00e3o salva ningu\u00e9m da\u00a0solid\u00e3o. Ambientes p\u00fablicos aumentam as oportunidades de conhecer pessoas. Esteja aberto a isso. Ser negativo s\u00f3 atrai coisas negativas e afasta pessoas positivas.<\/em><\/p>\n<p>2 \u2013 Desligue as redes sociais por um instante<\/p>\n<p><em>Isso mesmo. Apesar de atra\u00edrem milhares de pessoas e de estarmos rodeados de amigos virtuais, as redes sociais podem trazer\u00a0solid\u00e3o\u00a0e depress\u00e3o. A ideia de ter amigos nas redes sociais \u00e9 uma ideia falsa da realidade. Redes sociais aumentam a sensa\u00e7\u00e3o de\u00a0solid\u00e3o, pois invertem a realidade.<\/em><\/p>\n<p>3 \u2013 Seja positivo<\/p>\n<p><em>Finte os pensamentos negativos. Seja positivo! A forma positiva de ver a vida e as pessoas afasta os sentimentos de\u00a0solid\u00e3o e de depress\u00e3o. E ao contr\u00e1rio de afastar pessoas, atrai-as para si.<\/em><\/p>\n<p>4 \u2013 Tenha planos futuros<\/p>\n<p><em>Planos e a\u00e7\u00f5es ocupam a mente para que n\u00e3o pense na\u00a0solid\u00e3o. Mas n\u00e3o fa\u00e7a disso a \u00fanica op\u00e7\u00e3o, pois quando der por si o tempo passou e est\u00e1 sozinho. Lembre-se de que tudo na vida tem de ser moderado.<\/em><\/p>\n<p>5 \u2013 Animais de estima\u00e7\u00e3o<\/p>\n<p><em>Este \u00e9 um dos melhores meios para combater a\u00a0solid\u00e3o. Animais de estima\u00e7\u00e3o, principalmente os que interagem connosco, s\u00e3o \u00f3timas companhias, combatem a\u00a0solid\u00e3o\u00a0e distraem-nos.<\/em><\/p>\n<p>6 \u2013 N\u00e3o confunda um sentimento moment\u00e2neo com a realidade<\/p>\n<p><em>A solid\u00e3o\u00a0\u00e9 moment\u00e2nea. N\u00e3o fa\u00e7a disso uma realidade permanente para n\u00e3o se afundar na\u00a0solid\u00e3o\u00a0por um tempo maior.<\/em><\/p>\n<p>7 \u2013 N\u00e3o isolar-se<\/p>\n<p><em>A vontade de se isolar como consequ\u00eancia da\u00a0solid\u00e3o\u00a0\u00e9 comum, mas pode ser perigosa. nesses momentos, o melhor \u00e9 procurar um familiar ou um amigo com quem se sinta \u00e0-vontade para desabafar.<br \/>\n<\/em><br \/>\n8 \u2013 Seja ouvinte<\/p>\n<p>Mostre-se participativo. Ou\u00e7a mais e fale menos e conquistar\u00e1 a sua roda de amigos. Muito cuidado com o egocentrismo, que afasta as pessoas.<\/p>\n<p>9 \u2013 Elogie, n\u00e3o critique<\/p>\n<p><em>N\u00e3o menospreze nem julgue as pessoas. Para opinarmos, temos de procurar o conhecimento pleno sobre o assunto. Caso contr\u00e1rio, ca\u00edmos em descr\u00e9dito e sofremos sentimentos negativos. Todos gostam de elogios, mas se tiver de criticar saiba faz\u00ea-lo de forma suave e racional. Ningu\u00e9m gosta de receber cr\u00edticas.<\/em><\/p>\n<p>10 \u2013 Procure um psic\u00f3logo<\/p>\n<p><em>Caso a\u00a0solid\u00e3o\u00a0esteja a transformar-se em depress\u00e3o, procure a ajuda de um profissional. Um psic\u00f3logo poder\u00e1 ajudar e ser um amigo para tir\u00e1-lo da\u00a0solid\u00e3o.<\/em><\/p>\n<p>&nbsp;<\/p>\n<p>&nbsp;<\/p>\n","protected":false},"excerpt":{"rendered":"<p>Os mais recentes estudos na \u00e1rea da antropologia apontam que apesar das redes sociais e todas as possibilidades com a globaliza\u00e7\u00e3o de estar em maior contato com as pessoas, nunca estivemos t\u00e3o sozinhos. Especialistas apontam que uma das poss\u00edveis v\u00e1rias raz\u00f5es para isso \u00e9 o medo latente do desconhecido que \u00e9 inescap\u00e1vel \u00e0s pessoas que [&hellip;]<\/p>\n","protected":false},"author":4,"featured_media":8718,"comment_status":"closed","ping_status":"open","sticky":false,"template":"","format":"standard","meta":[],"categories":[1],"tags":[],"yoast_head":"<!-- This site is optimized with the Yoast SEO plugin v20.6 - https:\/\/yoast.com\/wordpress\/plugins\/seo\/ -->\n<title>Filosofo luso-brasileiro Fabiano de Abreu d\u00e1 dicas de como combater a solid\u00e3o. - Magda Beatriz Jornalista<\/title>\n<meta name=\"robots\" content=\"index, follow, max-snippet:-1, max-image-preview:large, max-video-preview:-1\" \/>\n<link rel=\"canonical\" href=\"https:\/\/magdabeatriz.com.br\/site\/filosofo-luso-brasileiro-fabiano-de-abreu-da-dicas-de-como-combater-a-solidao\/\" \/>\n<meta property=\"og:locale\" content=\"pt_BR\" \/>\n<meta property=\"og:type\" content=\"article\" \/>\n<meta property=\"og:title\" content=\"Filosofo luso-brasileiro Fabiano de Abreu d\u00e1 dicas de como combater a solid\u00e3o. - Magda Beatriz Jornalista\" \/>\n<meta property=\"og:description\" content=\"Os mais recentes estudos na \u00e1rea da antropologia apontam que apesar das redes sociais e todas as possibilidades com a globaliza\u00e7\u00e3o de estar em maior contato com as pessoas, nunca estivemos t\u00e3o sozinhos. Especialistas apontam que uma das poss\u00edveis v\u00e1rias raz\u00f5es para isso \u00e9 o medo latente do desconhecido que \u00e9 inescap\u00e1vel \u00e0s pessoas que [&hellip;]\" \/>\n<meta property=\"og:url\" content=\"https:\/\/magdabeatriz.com.br\/site\/filosofo-luso-brasileiro-fabiano-de-abreu-da-dicas-de-como-combater-a-solidao\/\" \/>\n<meta property=\"og:site_name\" content=\"Magda Beatriz Jornalista\" \/>\n<meta property=\"article:publisher\" content=\"https:\/\/www.facebook.com\/magdabeatrizjornalista\" \/>\n<meta property=\"article:author\" content=\"https:\/\/www.facebook.com\/magdabeatrizjornalista\" \/>\n<meta property=\"article:published_time\" content=\"2019-10-12T15:19:39+00:00\" \/>\n<meta property=\"article:modified_time\" content=\"2019-10-12T15:28:07+00:00\" \/>\n<meta property=\"og:image\" content=\"https:\/\/magdabeatriz.com.br\/site\/wp-content\/uploads\/2019\/10\/fabiano_de_abreu1.jpg\" \/>\n\t<meta property=\"og:image:width\" content=\"400\" \/>\n\t<meta property=\"og:image:height\" content=\"296\" \/>\n\t<meta property=\"og:image:type\" content=\"image\/jpeg\" \/>\n<meta name=\"author\" content=\"Magda Beatriz\" \/>\n<meta name=\"twitter:card\" content=\"summary_large_image\" \/>\n<meta name=\"twitter:creator\" content=\"@magdabeatriz\" \/>\n<meta name=\"twitter:site\" content=\"@magdabeatriz\" \/>\n<meta name=\"twitter:label1\" content=\"Escrito por\" \/>\n\t<meta name=\"twitter:data1\" content=\"Magda Beatriz\" \/>\n\t<meta name=\"twitter:label2\" content=\"Est. tempo de leitura\" \/>\n\t<meta name=\"twitter:data2\" content=\"3 minutos\" \/>\n<script type=\"application\/ld+json\" class=\"yoast-schema-graph\">{\"@context\":\"https:\/\/schema.org\",\"@graph\":[{\"@type\":\"Article\",\"@id\":\"https:\/\/magdabeatriz.com.br\/site\/filosofo-luso-brasileiro-fabiano-de-abreu-da-dicas-de-como-combater-a-solidao\/#article\",\"isPartOf\":{\"@id\":\"https:\/\/magdabeatriz.com.br\/site\/filosofo-luso-brasileiro-fabiano-de-abreu-da-dicas-de-como-combater-a-solidao\/\"},\"author\":{\"name\":\"Magda Beatriz\",\"@id\":\"https:\/\/magdabeatriz.com.br\/site\/#\/schema\/person\/f0e112e94070435c967f63cd5d33e59e\"},\"headline\":\"Filosofo luso-brasileiro Fabiano de Abreu d\u00e1 dicas de como combater a solid\u00e3o.\",\"datePublished\":\"2019-10-12T15:19:39+00:00\",\"dateModified\":\"2019-10-12T15:28:07+00:00\",\"mainEntityOfPage\":{\"@id\":\"https:\/\/magdabeatriz.com.br\/site\/filosofo-luso-brasileiro-fabiano-de-abreu-da-dicas-de-como-combater-a-solidao\/\"},\"wordCount\":612,\"publisher\":{\"@id\":\"https:\/\/magdabeatriz.com.br\/site\/#organization\"},\"articleSection\":[\"Geral\"],\"inLanguage\":\"pt-BR\"},{\"@type\":\"WebPage\",\"@id\":\"https:\/\/magdabeatriz.com.br\/site\/filosofo-luso-brasileiro-fabiano-de-abreu-da-dicas-de-como-combater-a-solidao\/\",\"url\":\"https:\/\/magdabeatriz.com.br\/site\/filosofo-luso-brasileiro-fabiano-de-abreu-da-dicas-de-como-combater-a-solidao\/\",\"name\":\"Filosofo luso-brasileiro Fabiano de Abreu d\u00e1 dicas de como combater a solid\u00e3o. - Magda Beatriz Jornalista\",\"isPartOf\":{\"@id\":\"https:\/\/magdabeatriz.com.br\/site\/#website\"},\"datePublished\":\"2019-10-12T15:19:39+00:00\",\"dateModified\":\"2019-10-12T15:28:07+00:00\",\"breadcrumb\":{\"@id\":\"https:\/\/magdabeatriz.com.br\/site\/filosofo-luso-brasileiro-fabiano-de-abreu-da-dicas-de-como-combater-a-solidao\/#breadcrumb\"},\"inLanguage\":\"pt-BR\",\"potentialAction\":[{\"@type\":\"ReadAction\",\"target\":[\"https:\/\/magdabeatriz.com.br\/site\/filosofo-luso-brasileiro-fabiano-de-abreu-da-dicas-de-como-combater-a-solidao\/\"]}]},{\"@type\":\"BreadcrumbList\",\"@id\":\"https:\/\/magdabeatriz.com.br\/site\/filosofo-luso-brasileiro-fabiano-de-abreu-da-dicas-de-como-combater-a-solidao\/#breadcrumb\",\"itemListElement\":[{\"@type\":\"ListItem\",\"position\":1,\"name\":\"In\u00edcio\",\"item\":\"https:\/\/magdabeatriz.com.br\/site\/\"},{\"@type\":\"ListItem\",\"position\":2,\"name\":\"Filosofo luso-brasileiro Fabiano de Abreu d\u00e1 dicas de como combater a solid\u00e3o.\"}]},{\"@type\":\"WebSite\",\"@id\":\"https:\/\/magdabeatriz.com.br\/site\/#website\",\"url\":\"https:\/\/magdabeatriz.com.br\/site\/\",\"name\":\"Magda Beatriz Jornalista\",\"description\":\"Magda Beatriz\",\"publisher\":{\"@id\":\"https:\/\/magdabeatriz.com.br\/site\/#organization\"},\"potentialAction\":[{\"@type\":\"SearchAction\",\"target\":{\"@type\":\"EntryPoint\",\"urlTemplate\":\"https:\/\/magdabeatriz.com.br\/site\/?s={search_term_string}\"},\"query-input\":\"required name=search_term_string\"}],\"inLanguage\":\"pt-BR\"},{\"@type\":\"Organization\",\"@id\":\"https:\/\/magdabeatriz.com.br\/site\/#organization\",\"name\":\"Magda Beatriz Jornalista\",\"url\":\"https:\/\/magdabeatriz.com.br\/site\/\",\"logo\":{\"@type\":\"ImageObject\",\"inLanguage\":\"pt-BR\",\"@id\":\"https:\/\/magdabeatriz.com.br\/site\/#\/schema\/logo\/image\/\",\"url\":\"https:\/\/magdabeatriz.com.br\/site\/wp-content\/uploads\/2018\/03\/logo-magda-beatriz-jornalista-3.png\",\"contentUrl\":\"https:\/\/magdabeatriz.com.br\/site\/wp-content\/uploads\/2018\/03\/logo-magda-beatriz-jornalista-3.png\",\"width\":280,\"height\":62,\"caption\":\"Magda Beatriz Jornalista\"},\"image\":{\"@id\":\"https:\/\/magdabeatriz.com.br\/site\/#\/schema\/logo\/image\/\"},\"sameAs\":[\"https:\/\/www.facebook.com\/magdabeatrizjornalista\",\"https:\/\/twitter.com\/magdabeatriz\",\"https:\/\/www.youtube.com\/channel\/UCao-Hv-FqGkfcELd4BUFDBg\"]},{\"@type\":\"Person\",\"@id\":\"https:\/\/magdabeatriz.com.br\/site\/#\/schema\/person\/f0e112e94070435c967f63cd5d33e59e\",\"name\":\"Magda Beatriz\",\"image\":{\"@type\":\"ImageObject\",\"inLanguage\":\"pt-BR\",\"@id\":\"https:\/\/magdabeatriz.com.br\/site\/#\/schema\/person\/image\/\",\"url\":\"https:\/\/secure.gravatar.com\/avatar\/d8f42792b5263656b2278c9a884fc3e2?s=96&d=mm&r=g\",\"contentUrl\":\"https:\/\/secure.gravatar.com\/avatar\/d8f42792b5263656b2278c9a884fc3e2?s=96&d=mm&r=g\",\"caption\":\"Magda Beatriz\"},\"description\":\"Magda Beatriz \u00e9 jornalista e apresentadora. Voc\u00ea a encontra de segunda a sexta no programa Atualidades Pampa, na TV Pampa.\",\"sameAs\":[\"http:\/\/magdabeatriz.com.br\/site\",\"https:\/\/www.facebook.com\/magdabeatrizjornalista\",\"https:\/\/twitter.com\/magdabeatriz\"],\"url\":\"https:\/\/magdabeatriz.com.br\/site\/author\/magdabeatriz\/\"}]}<\/script>\n<!-- \/ Yoast SEO plugin. -->","yoast_head_json":{"title":"Filosofo luso-brasileiro Fabiano de Abreu d\u00e1 dicas de como combater a solid\u00e3o. - Magda Beatriz Jornalista","robots":{"index":"index","follow":"follow","max-snippet":"max-snippet:-1","max-image-preview":"max-image-preview:large","max-video-preview":"max-video-preview:-1"},"canonical":"https:\/\/magdabeatriz.com.br\/site\/filosofo-luso-brasileiro-fabiano-de-abreu-da-dicas-de-como-combater-a-solidao\/","og_locale":"pt_BR","og_type":"article","og_title":"Filosofo luso-brasileiro Fabiano de Abreu d\u00e1 dicas de como combater a solid\u00e3o. - Magda Beatriz Jornalista","og_description":"Os mais recentes estudos na \u00e1rea da antropologia apontam que apesar das redes sociais e todas as possibilidades com a globaliza\u00e7\u00e3o de estar em maior contato com as pessoas, nunca estivemos t\u00e3o sozinhos. Especialistas apontam que uma das poss\u00edveis v\u00e1rias raz\u00f5es para isso \u00e9 o medo latente do desconhecido que \u00e9 inescap\u00e1vel \u00e0s pessoas que [&hellip;]","og_url":"https:\/\/magdabeatriz.com.br\/site\/filosofo-luso-brasileiro-fabiano-de-abreu-da-dicas-de-como-combater-a-solidao\/","og_site_name":"Magda Beatriz Jornalista","article_publisher":"https:\/\/www.facebook.com\/magdabeatrizjornalista","article_author":"https:\/\/www.facebook.com\/magdabeatrizjornalista","article_published_time":"2019-10-12T15:19:39+00:00","article_modified_time":"2019-10-12T15:28:07+00:00","og_image":[{"width":400,"height":296,"url":"https:\/\/magdabeatriz.com.br\/site\/wp-content\/uploads\/2019\/10\/fabiano_de_abreu1.jpg","type":"image\/jpeg"}],"author":"Magda Beatriz","twitter_card":"summary_large_image","twitter_creator":"@magdabeatriz","twitter_site":"@magdabeatriz","twitter_misc":{"Escrito por":"Magda Beatriz","Est. tempo de leitura":"3 minutos"},"schema":{"@context":"https:\/\/schema.org","@graph":[{"@type":"Article","@id":"https:\/\/magdabeatriz.com.br\/site\/filosofo-luso-brasileiro-fabiano-de-abreu-da-dicas-de-como-combater-a-solidao\/#article","isPartOf":{"@id":"https:\/\/magdabeatriz.com.br\/site\/filosofo-luso-brasileiro-fabiano-de-abreu-da-dicas-de-como-combater-a-solidao\/"},"author":{"name":"Magda Beatriz","@id":"https:\/\/magdabeatriz.com.br\/site\/#\/schema\/person\/f0e112e94070435c967f63cd5d33e59e"},"headline":"Filosofo luso-brasileiro Fabiano de Abreu d\u00e1 dicas de como combater a solid\u00e3o.","datePublished":"2019-10-12T15:19:39+00:00","dateModified":"2019-10-12T15:28:07+00:00","mainEntityOfPage":{"@id":"https:\/\/magdabeatriz.com.br\/site\/filosofo-luso-brasileiro-fabiano-de-abreu-da-dicas-de-como-combater-a-solidao\/"},"wordCount":612,"publisher":{"@id":"https:\/\/magdabeatriz.com.br\/site\/#organization"},"articleSection":["Geral"],"inLanguage":"pt-BR"},{"@type":"WebPage","@id":"https:\/\/magdabeatriz.com.br\/site\/filosofo-luso-brasileiro-fabiano-de-abreu-da-dicas-de-como-combater-a-solidao\/","url":"https:\/\/magdabeatriz.com.br\/site\/filosofo-luso-brasileiro-fabiano-de-abreu-da-dicas-de-como-combater-a-solidao\/","name":"Filosofo luso-brasileiro Fabiano de Abreu d\u00e1 dicas de como combater a solid\u00e3o. - Magda Beatriz Jornalista","isPartOf":{"@id":"https:\/\/magdabeatriz.com.br\/site\/#website"},"datePublished":"2019-10-12T15:19:39+00:00","dateModified":"2019-10-12T15:28:07+00:00","breadcrumb":{"@id":"https:\/\/magdabeatriz.com.br\/site\/filosofo-luso-brasileiro-fabiano-de-abreu-da-dicas-de-como-combater-a-solidao\/#breadcrumb"},"inLanguage":"pt-BR","potentialAction":[{"@type":"ReadAction","target":["https:\/\/magdabeatriz.com.br\/site\/filosofo-luso-brasileiro-fabiano-de-abreu-da-dicas-de-como-combater-a-solidao\/"]}]},{"@type":"BreadcrumbList","@id":"https:\/\/magdabeatriz.com.br\/site\/filosofo-luso-brasileiro-fabiano-de-abreu-da-dicas-de-como-combater-a-solidao\/#breadcrumb","itemListElement":[{"@type":"ListItem","position":1,"name":"In\u00edcio","item":"https:\/\/magdabeatriz.com.br\/site\/"},{"@type":"ListItem","position":2,"name":"Filosofo luso-brasileiro Fabiano de Abreu d\u00e1 dicas de como combater a solid\u00e3o."}]},{"@type":"WebSite","@id":"https:\/\/magdabeatriz.com.br\/site\/#website","url":"https:\/\/magdabeatriz.com.br\/site\/","name":"Magda Beatriz Jornalista","description":"Magda Beatriz","publisher":{"@id":"https:\/\/magdabeatriz.com.br\/site\/#organization"},"potentialAction":[{"@type":"SearchAction","target":{"@type":"EntryPoint","urlTemplate":"https:\/\/magdabeatriz.com.br\/site\/?s={search_term_string}"},"query-input":"required name=search_term_string"}],"inLanguage":"pt-BR"},{"@type":"Organization","@id":"https:\/\/magdabeatriz.com.br\/site\/#organization","name":"Magda Beatriz Jornalista","url":"https:\/\/magdabeatriz.com.br\/site\/","logo":{"@type":"ImageObject","inLanguage":"pt-BR","@id":"https:\/\/magdabeatriz.com.br\/site\/#\/schema\/logo\/image\/","url":"https:\/\/magdabeatriz.com.br\/site\/wp-content\/uploads\/2018\/03\/logo-magda-beatriz-jornalista-3.png","contentUrl":"https:\/\/magdabeatriz.com.br\/site\/wp-content\/uploads\/2018\/03\/logo-magda-beatriz-jornalista-3.png","width":280,"height":62,"caption":"Magda Beatriz Jornalista"},"image":{"@id":"https:\/\/magdabeatriz.com.br\/site\/#\/schema\/logo\/image\/"},"sameAs":["https:\/\/www.facebook.com\/magdabeatrizjornalista","https:\/\/twitter.com\/magdabeatriz","https:\/\/www.youtube.com\/channel\/UCao-Hv-FqGkfcELd4BUFDBg"]},{"@type":"Person","@id":"https:\/\/magdabeatriz.com.br\/site\/#\/schema\/person\/f0e112e94070435c967f63cd5d33e59e","name":"Magda Beatriz","image":{"@type":"ImageObject","inLanguage":"pt-BR","@id":"https:\/\/magdabeatriz.com.br\/site\/#\/schema\/person\/image\/","url":"https:\/\/secure.gravatar.com\/avatar\/d8f42792b5263656b2278c9a884fc3e2?s=96&d=mm&r=g","contentUrl":"https:\/\/secure.gravatar.com\/avatar\/d8f42792b5263656b2278c9a884fc3e2?s=96&d=mm&r=g","caption":"Magda Beatriz"},"description":"Magda Beatriz \u00e9 jornalista e apresentadora. Voc\u00ea a encontra de segunda a sexta no programa Atualidades Pampa, na TV Pampa.","sameAs":["http:\/\/magdabeatriz.com.br\/site","https:\/\/www.facebook.com\/magdabeatrizjornalista","https:\/\/twitter.com\/magdabeatriz"],"url":"https:\/\/magdabeatriz.com.br\/site\/author\/magdabeatriz\/"}]}},"_links":{"self":[{"href":"https:\/\/magdabeatriz.com.br\/site\/wp-json\/wp\/v2\/posts\/8714"}],"collection":[{"href":"https:\/\/magdabeatriz.com.br\/site\/wp-json\/wp\/v2\/posts"}],"about":[{"href":"https:\/\/magdabeatriz.com.br\/site\/wp-json\/wp\/v2\/types\/post"}],"author":[{"embeddable":true,"href":"https:\/\/magdabeatriz.com.br\/site\/wp-json\/wp\/v2\/users\/4"}],"replies":[{"embeddable":true,"href":"https:\/\/magdabeatriz.com.br\/site\/wp-json\/wp\/v2\/comments?post=8714"}],"version-history":[{"count":6,"href":"https:\/\/magdabeatriz.com.br\/site\/wp-json\/wp\/v2\/posts\/8714\/revisions"}],"predecessor-version":[{"id":8721,"href":"https:\/\/magdabeatriz.com.br\/site\/wp-json\/wp\/v2\/posts\/8714\/revisions\/8721"}],"wp:featuredmedia":[{"embeddable":true,"href":"https:\/\/magdabeatriz.com.br\/site\/wp-json\/wp\/v2\/media\/8718"}],"wp:attachment":[{"href":"https:\/\/magdabeatriz.com.br\/site\/wp-json\/wp\/v2\/media?parent=8714"}],"wp:term":[{"taxonomy":"category","embeddable":true,"href":"https:\/\/magdabeatriz.com.br\/site\/wp-json\/wp\/v2\/categories?post=8714"},{"taxonomy":"post_tag","embeddable":true,"href":"https:\/\/magdabeatriz.com.br\/site\/wp-json\/wp\/v2\/tags?post=8714"}],"curies":[{"name":"wp","href":"https:\/\/api.w.org\/{rel}","templated":true}]}}